{"id":6740,"date":"2020-04-13T06:33:01","date_gmt":"2020-04-13T06:33:01","guid":{"rendered":"https:\/\/guillermocastillovillacorta.com\/uncategorized\/be-my-guest-concert\/"},"modified":"2022-02-08T18:06:51","modified_gmt":"2022-02-08T18:06:51","slug":"soy502-guillermo-castillo-villacorta-ceo-of-cerveceria-centro-americana-says-that-help-will-continue-to-reach-those-who-need-it-most","status":"publish","type":"post","link":"https:\/\/guillermocastillovillacorta.com\/en\/press-room-en\/soy502-guillermo-castillo-villacorta-ceo-of-cerveceria-centro-americana-says-that-help-will-continue-to-reach-those-who-need-it-most\/","title":{"rendered":"SOY502 | Guillermo Castillo Villacorta, CEO of Cervecer\u00eda Centro Americana, S.A. says that help will continue to reach those who need it most"},"content":{"rendered":"[vc_row type=&#8221;in_container&#8221; full_screen_row_position=&#8221;middle&#8221; column_margin=&#8221;default&#8221; column_direction=&#8221;default&#8221; column_direction_tablet=&#8221;default&#8221; column_direction_phone=&#8221;default&#8221; scene_position=&#8221;center&#8221; text_color=&#8221;dark&#8221; text_align=&#8221;left&#8221; row_border_radius=&#8221;none&#8221; row_border_radius_applies=&#8221;bg&#8221; overflow=&#8221;visible&#8221; overlay_strength=&#8221;0.3&#8243; gradient_direction=&#8221;left_to_right&#8221; shape_divider_position=&#8221;bottom&#8221; bg_image_animation=&#8221;none&#8221;][vc_column column_padding=&#8221;no-extra-padding&#8221; column_padding_tablet=&#8221;inherit&#8221; column_padding_phone=&#8221;inherit&#8221; column_padding_position=&#8221;all&#8221; column_element_spacing=&#8221;default&#8221; background_color_opacity=&#8221;1&#8243; background_hover_color_opacity=&#8221;1&#8243; column_shadow=&#8221;none&#8221; column_border_radius=&#8221;none&#8221; column_link_target=&#8221;_self&#8221; column_position=&#8221;default&#8221; gradient_direction=&#8221;left_to_right&#8221; overlay_strength=&#8221;0.3&#8243; width=&#8221;1\/1&#8243; tablet_width_inherit=&#8221;default&#8221; tablet_text_alignment=&#8221;default&#8221; phone_text_alignment=&#8221;default&#8221; animation_type=&#8221;default&#8221; bg_image_animation=&#8221;none&#8221; border_type=&#8221;simple&#8221; column_border_width=&#8221;none&#8221; column_border_style=&#8221;solid&#8221;][divider line_type=&#8221;No Line&#8221;][vc_column_text]Under the slogan \u201cBefore being brewers, we are Guatemalans,\u201d Cervecer\u00eda Centro Americana, S.A., has made a series of donations to mitigate the effects of the country\u2019s COVID-19 crisis. Among them is a contribution of Q$7.7 million toward medical equipment, to be used in the Parque de la Industria hospital\u2019s intensive care unit, as well as toward delivering Incaparina and food to different municipalities in the country to feed families that have been directly affected by the current situation.<\/p>\n<p><span style=\"font-weight: 400;\">Read the original Spanish-language news at its <\/span><a href=\"https:\/\/www.soy502.com\/articulo\/guillermo-castillo-villacorta-comenta-ayuda-seguira-101337\"><span style=\"font-weight: 400;\">source<\/span><\/a><span style=\"font-weight: 400;\">.<\/span>[\/vc_column_text][vc_gallery type=&#8221;flickity_style&#8221; images=&#8221;6184,6185,6182,6183&#8243; flickity_spacing=&#8221;10px&#8221; flickity_controls=&#8221;none&#8221; flickity_overflow=&#8221;hidden&#8221; flickity_wrap_around=&#8221;wrap&#8221; flickity_desktop_columns=&#8221;1&#8243; flickity_small_desktop_columns=&#8221;1&#8243; flickity_tablet_columns=&#8221;1&#8243; flickity_phone_columns=&#8221;1&#8243; flickity_autoplay=&#8221;true&#8221; flickity_box_shadow=&#8221;none&#8221; image_loading=&#8221;default&#8221; onclick=&#8221;link_no&#8221;][\/vc_column][\/vc_row]\n","protected":false},"excerpt":{"rendered":"<p>Cervecer\u00eda Centro Americana, S.A., made donations to mitigate the effects of the COVID-19 crisis.<\/p>\n","protected":false},"author":3,"featured_media":6698,"comment_status":"closed","ping_status":"closed","sticky":false,"template":"","format":"standard","meta":{"ngg_post_thumbnail":0},"categories":[48],"tags":[],"yoast_head":"<!-- This site is optimized with the Yoast SEO plugin v18.6 - https:\/\/yoast.com\/wordpress\/plugins\/seo\/ -->\n<title>SOY502 | Guillermo Castillo Villacorta, CEO of Cervecer\u00eda Centro Americana, S.A. says that help will continue to reach those who need it most - Guillermo Castillo Villacorta<\/title>\n<meta name=\"description\" content=\"Under the slogan &quot;Before we are brewers, we are Guatemalans,&quot; Cervecer\u00eda Centro Americana, S.A. has made a series of donations to mitigate the effects of the country&#039;s crisis due to COVID-19.\" \/>\n<meta name=\"robots\" content=\"index, follow, max-snippet:-1, max-image-preview:large, max-video-preview:-1\" \/>\n<link rel=\"canonical\" href=\"https:\/\/guillermocastillovillacorta.com\/en\/press-room-en\/soy502-guillermo-castillo-villacorta-ceo-of-cerveceria-centro-americana-says-that-help-will-continue-to-reach-those-who-need-it-most\/\" \/>\n<meta property=\"og:locale\" content=\"en_US\" \/>\n<meta property=\"og:type\" content=\"article\" \/>\n<meta property=\"og:title\" content=\"SOY502 | Guillermo Castillo Villacorta, CEO de Cervecer\u00eda Centro Americana, comenta que la ayuda seguir\u00e1 llegando a quienes m\u00e1s lo necesitan\" \/>\n<meta property=\"og:description\" content=\"Under the slogan &quot;Before we are brewers, we are Guatemalans,&quot; Cervecer\u00eda Centro Americana, S.A. has made a series of donations to mitigate the effects of the country&#039;s crisis due to COVID-19.\" \/>\n<meta property=\"og:url\" content=\"https:\/\/guillermocastillovillacorta.com\/en\/press-room-en\/soy502-guillermo-castillo-villacorta-ceo-of-cerveceria-centro-americana-says-that-help-will-continue-to-reach-those-who-need-it-most\/\" \/>\n<meta property=\"og:site_name\" content=\"Guillermo Castillo Villacorta\" \/>\n<meta property=\"article:published_time\" content=\"2020-04-13T06:33:01+00:00\" \/>\n<meta property=\"article:modified_time\" content=\"2022-02-08T18:06:51+00:00\" \/>\n<meta property=\"og:image\" content=\"https:\/\/guillermocastillovillacorta.com\/wp-content\/uploads\/2017\/03\/SOY502.jpg\" \/>\n\t<meta property=\"og:image:width\" content=\"1200\" \/>\n\t<meta property=\"og:image:height\" content=\"680\" \/>\n\t<meta property=\"og:image:type\" content=\"image\/jpeg\" \/>\n<meta name=\"twitter:card\" content=\"summary_large_image\" \/>\n<meta name=\"twitter:title\" content=\"SOY502 | Guillermo Castillo Villacorta, CEO de Cervecer\u00eda Centro Americana, comenta que la ayuda seguir\u00e1 llegando a quienes m\u00e1s lo necesitan\" \/>\n<meta name=\"twitter:description\" content=\"Under the slogan &quot;Before we are brewers, we are Guatemalans,&quot; Cervecer\u00eda Centro Americana, S.A. has made a series of donations to mitigate the effects of the country&#039;s crisis due to COVID-19.\" \/>\n<meta name=\"twitter:image\" content=\"https:\/\/guillermocastillovillacorta.com\/wp-content\/uploads\/2017\/03\/SOY502.jpg\" \/>\n<meta name=\"twitter:label1\" content=\"Written by\" \/>\n\t<meta name=\"twitter:data1\" content=\"Guillermo Castillo Villacorta\" \/>\n\t<meta name=\"twitter:label2\" content=\"Est. reading time\" \/>\n\t<meta name=\"twitter:data2\" content=\"1 minute\" \/>\n<!-- \/ Yoast SEO plugin. -->","yoast_head_json":{"title":"SOY502 | Guillermo Castillo Villacorta, CEO of Cervecer\u00eda Centro Americana, S.A. says that help will continue to reach those who need it most - Guillermo Castillo Villacorta","description":"Under the slogan \"Before we are brewers, we are Guatemalans,\" Cervecer\u00eda Centro Americana, S.A. has made a series of donations to mitigate the effects of the country's crisis due to COVID-19.","robots":{"index":"index","follow":"follow","max-snippet":"max-snippet:-1","max-image-preview":"max-image-preview:large","max-video-preview":"max-video-preview:-1"},"canonical":"https:\/\/guillermocastillovillacorta.com\/en\/press-room-en\/soy502-guillermo-castillo-villacorta-ceo-of-cerveceria-centro-americana-says-that-help-will-continue-to-reach-those-who-need-it-most\/","og_locale":"en_US","og_type":"article","og_title":"SOY502 | Guillermo Castillo Villacorta, CEO de Cervecer\u00eda Centro Americana, comenta que la ayuda seguir\u00e1 llegando a quienes m\u00e1s lo necesitan","og_description":"Under the slogan \"Before we are brewers, we are Guatemalans,\" Cervecer\u00eda Centro Americana, S.A. has made a series of donations to mitigate the effects of the country's crisis due to COVID-19.","og_url":"https:\/\/guillermocastillovillacorta.com\/en\/press-room-en\/soy502-guillermo-castillo-villacorta-ceo-of-cerveceria-centro-americana-says-that-help-will-continue-to-reach-those-who-need-it-most\/","og_site_name":"Guillermo Castillo Villacorta","article_published_time":"2020-04-13T06:33:01+00:00","article_modified_time":"2022-02-08T18:06:51+00:00","og_image":[{"width":1200,"height":680,"url":"https:\/\/guillermocastillovillacorta.com\/wp-content\/uploads\/2017\/03\/SOY502.jpg","type":"image\/jpeg"}],"twitter_card":"summary_large_image","twitter_title":"SOY502 | Guillermo Castillo Villacorta, CEO de Cervecer\u00eda Centro Americana, comenta que la ayuda seguir\u00e1 llegando a quienes m\u00e1s lo necesitan","twitter_description":"Under the slogan \"Before we are brewers, we are Guatemalans,\" Cervecer\u00eda Centro Americana, S.A. has made a series of donations to mitigate the effects of the country's crisis due to COVID-19.","twitter_image":"https:\/\/guillermocastillovillacorta.com\/wp-content\/uploads\/2017\/03\/SOY502.jpg","twitter_misc":{"Written by":"Guillermo Castillo Villacorta","Est. reading time":"1 minute"},"schema":{"@context":"https:\/\/schema.org","@graph":[{"@type":"WebSite","@id":"https:\/\/guillermocastillovillacorta.com\/#website","url":"https:\/\/guillermocastillovillacorta.com\/","name":"Guillermo Castillo Villacorta","description":"","potentialAction":[{"@type":"SearchAction","target":{"@type":"EntryPoint","urlTemplate":"https:\/\/guillermocastillovillacorta.com\/?s={search_term_string}"},"query-input":"required name=search_term_string"}],"inLanguage":"en-US"},{"@type":"ImageObject","@id":"https:\/\/guillermocastillovillacorta.com\/en\/press-room-en\/soy502-guillermo-castillo-villacorta-ceo-of-cerveceria-centro-americana-says-that-help-will-continue-to-reach-those-who-need-it-most\/#primaryimage","inLanguage":"en-US","url":"https:\/\/guillermocastillovillacorta.com\/wp-content\/uploads\/2017\/03\/SOY502.jpg","contentUrl":"https:\/\/guillermocastillovillacorta.com\/wp-content\/uploads\/2017\/03\/SOY502.jpg","width":1200,"height":680,"caption":"Cervecer\u00eda Centro Americana S.A."},{"@type":"WebPage","@id":"https:\/\/guillermocastillovillacorta.com\/en\/press-room-en\/soy502-guillermo-castillo-villacorta-ceo-of-cerveceria-centro-americana-says-that-help-will-continue-to-reach-those-who-need-it-most\/#webpage","url":"https:\/\/guillermocastillovillacorta.com\/en\/press-room-en\/soy502-guillermo-castillo-villacorta-ceo-of-cerveceria-centro-americana-says-that-help-will-continue-to-reach-those-who-need-it-most\/","name":"SOY502 | Guillermo Castillo Villacorta, CEO of Cervecer\u00eda Centro Americana, S.A. says that help will continue to reach those who need it most - Guillermo Castillo Villacorta","isPartOf":{"@id":"https:\/\/guillermocastillovillacorta.com\/#website"},"primaryImageOfPage":{"@id":"https:\/\/guillermocastillovillacorta.com\/en\/press-room-en\/soy502-guillermo-castillo-villacorta-ceo-of-cerveceria-centro-americana-says-that-help-will-continue-to-reach-those-who-need-it-most\/#primaryimage"},"datePublished":"2020-04-13T06:33:01+00:00","dateModified":"2022-02-08T18:06:51+00:00","author":{"@id":"https:\/\/guillermocastillovillacorta.com\/#\/schema\/person\/7879bf38a4451f1944b607509e184d3e"},"description":"Under the slogan \"Before we are brewers, we are Guatemalans,\" Cervecer\u00eda Centro Americana, S.A. has made a series of donations to mitigate the effects of the country's crisis due to COVID-19.","breadcrumb":{"@id":"https:\/\/guillermocastillovillacorta.com\/en\/press-room-en\/soy502-guillermo-castillo-villacorta-ceo-of-cerveceria-centro-americana-says-that-help-will-continue-to-reach-those-who-need-it-most\/#breadcrumb"},"inLanguage":"en-US","potentialAction":[{"@type":"ReadAction","target":["https:\/\/guillermocastillovillacorta.com\/en\/press-room-en\/soy502-guillermo-castillo-villacorta-ceo-of-cerveceria-centro-americana-says-that-help-will-continue-to-reach-those-who-need-it-most\/"]}]},{"@type":"BreadcrumbList","@id":"https:\/\/guillermocastillovillacorta.com\/en\/press-room-en\/soy502-guillermo-castillo-villacorta-ceo-of-cerveceria-centro-americana-says-that-help-will-continue-to-reach-those-who-need-it-most\/#breadcrumb","itemListElement":[{"@type":"ListItem","position":1,"name":"Portada","item":"https:\/\/guillermocastillovillacorta.com\/en\/"},{"@type":"ListItem","position":2,"name":"SOY502 | Guillermo Castillo Villacorta, CEO of Cervecer\u00eda Centro Americana, S.A. says that help will continue to reach those who need it most"}]},{"@type":"Person","@id":"https:\/\/guillermocastillovillacorta.com\/#\/schema\/person\/7879bf38a4451f1944b607509e184d3e","name":"Guillermo Castillo Villacorta","image":{"@type":"ImageObject","@id":"https:\/\/guillermocastillovillacorta.com\/#personlogo","inLanguage":"en-US","url":"https:\/\/guillermocastillovillacorta.com\/wp-content\/uploads\/2021\/11\/sGuillermo0-150x150.jpg","contentUrl":"https:\/\/guillermocastillovillacorta.com\/wp-content\/uploads\/2021\/11\/sGuillermo0-150x150.jpg","caption":"Guillermo Castillo Villacorta"},"url":"https:\/\/guillermocastillovillacorta.com\/en\/author\/castillo\/"}]}},"_links":{"self":[{"href":"https:\/\/guillermocastillovillacorta.com\/en\/wp-json\/wp\/v2\/posts\/6740"}],"collection":[{"href":"https:\/\/guillermocastillovillacorta.com\/en\/wp-json\/wp\/v2\/posts"}],"about":[{"href":"https:\/\/guillermocastillovillacorta.com\/en\/wp-json\/wp\/v2\/types\/post"}],"author":[{"embeddable":true,"href":"https:\/\/guillermocastillovillacorta.com\/en\/wp-json\/wp\/v2\/users\/3"}],"replies":[{"embeddable":true,"href":"https:\/\/guillermocastillovillacorta.com\/en\/wp-json\/wp\/v2\/comments?post=6740"}],"version-history":[{"count":11,"href":"https:\/\/guillermocastillovillacorta.com\/en\/wp-json\/wp\/v2\/posts\/6740\/revisions"}],"predecessor-version":[{"id":7806,"href":"https:\/\/guillermocastillovillacorta.com\/en\/wp-json\/wp\/v2\/posts\/6740\/revisions\/7806"}],"wp:featuredmedia":[{"embeddable":true,"href":"https:\/\/guillermocastillovillacorta.com\/en\/wp-json\/wp\/v2\/media\/6698"}],"wp:attachment":[{"href":"https:\/\/guillermocastillovillacorta.com\/en\/wp-json\/wp\/v2\/media?parent=6740"}],"wp:term":[{"taxonomy":"category","embeddable":true,"href":"https:\/\/guillermocastillovillacorta.com\/en\/wp-json\/wp\/v2\/categories?post=6740"},{"taxonomy":"post_tag","embeddable":true,"href":"https:\/\/guillermocastillovillacorta.com\/en\/wp-json\/wp\/v2\/tags?post=6740"}],"curies":[{"name":"wp","href":"https:\/\/api.w.org\/{rel}","templated":true}]}}